{"id":5961,"date":"2026-04-03T19:44:15","date_gmt":"2026-04-03T22:44:15","guid":{"rendered":"https:\/\/diariodelnortesalta.com.ar\/1\/?p=5961"},"modified":"2026-04-03T20:29:57","modified_gmt":"2026-04-03T23:29:57","slug":"semana-salta","status":"publish","type":"post","link":"https:\/\/diariodelnortesalta.com.ar\/1\/semana-salta\/","title":{"rendered":"\u00abSemana Salta \u00ab"},"content":{"rendered":"<div class=\"pvc_clear\"><\/div><p id=\"pvc_stats_5961\" class=\"pvc_stats all  \" data-element-id=\"5961\" style=\"\"><i class=\"pvc-stats-icon medium\" aria-hidden=\"true\"><svg xmlns=\"http:\/\/www.w3.org\/2000\/svg\" version=\"1.0\" viewBox=\"0 0 502 315\" preserveAspectRatio=\"xMidYMid meet\"><g transform=\"translate(0,332) scale(0.1,-0.1)\" fill=\"\" stroke=\"none\"><path d=\"M2394 3279 l-29 -30 -3 -207 c-2 -182 0 -211 15 -242 39 -76 157 -76 196 0 15 31 17 60 15 243 l-3 209 -33 29 c-26 23 -41 29 -80 29 -41 0 -53 -5 -78 -31z\"\/><path d=\"M3085 3251 c-45 -19 -58 -50 -96 -229 -47 -217 -49 -260 -13 -295 52 -53 146 -42 177 20 16 31 87 366 87 410 0 70 -86 122 -155 94z\"\/><path d=\"M1751 3234 c-13 -9 -29 -31 -37 -50 -12 -29 -10 -49 21 -204 19 -94 39 -189 45 -210 14 -50 54 -80 110 -80 34 0 48 6 76 34 21 21 34 44 34 59 0 14 -18 113 -40 219 -37 178 -43 195 -70 221 -36 32 -101 37 -139 11z\"\/><path d=\"M1163 3073 c-36 -7 -73 -59 -73 -102 0 -56 133 -378 171 -413 34 -32 83 -37 129 -13 70 36 67 87 -16 290 -86 209 -89 214 -129 231 -35 14 -42 15 -82 7z\"\/><path d=\"M3689 3066 c-15 -9 -33 -30 -42 -48 -48 -103 -147 -355 -147 -375 0 -98 131 -148 192 -74 13 15 57 108 97 206 80 196 84 226 37 273 -30 30 -99 39 -137 18z\"\/><path d=\"M583 2784 c-38 -19 -67 -74 -58 -113 9 -42 211 -354 242 -373 16 -10 45 -18 66 -18 51 0 107 52 107 100 0 39 -1 41 -124 234 -80 126 -108 162 -133 173 -41 17 -61 16 -100 -3z\"\/><path d=\"M4250 2784 c-14 -9 -74 -91 -133 -183 -95 -150 -107 -173 -107 -213 0 -55 33 -94 87 -104 67 -13 90 8 211 198 130 202 137 225 78 284 -27 27 -42 34 -72 34 -22 0 -50 -8 -64 -16z\"\/><path d=\"M2275 2693 c-553 -48 -1095 -270 -1585 -649 -135 -104 -459 -423 -483 -476 -23 -49 -22 -139 2 -186 73 -142 361 -457 571 -626 285 -228 642 -407 990 -497 242 -63 336 -73 660 -74 310 0 370 5 595 52 535 111 1045 392 1455 803 122 121 250 273 275 326 19 41 19 137 0 174 -41 79 -309 363 -465 492 -447 370 -946 591 -1479 653 -113 14 -422 18 -536 8z m395 -428 c171 -34 330 -124 456 -258 112 -119 167 -219 211 -378 27 -96 24 -300 -5 -401 -72 -255 -236 -447 -474 -557 -132 -62 -201 -76 -368 -76 -167 0 -236 14 -368 76 -213 98 -373 271 -451 485 -162 444 86 934 547 1084 153 49 292 57 452 25z m909 -232 c222 -123 408 -262 593 -441 76 -74 138 -139 138 -144 0 -16 -233 -242 -330 -319 -155 -123 -309 -223 -461 -299 l-81 -41 32 46 c18 26 49 83 70 128 143 306 141 649 -6 957 -25 52 -61 116 -79 142 l-34 47 45 -20 c26 -10 76 -36 113 -56z m-2057 25 c-40 -58 -105 -190 -130 -263 -110 -324 -59 -707 132 -981 25 -35 42 -64 37 -64 -19 0 -241 119 -326 174 -188 122 -406 314 -532 468 l-58 71 108 103 c185 178 428 349 672 473 66 33 121 60 123 61 2 0 -10 -19 -26 -42z\"\/><path d=\"M2375 1950 c-198 -44 -350 -190 -395 -379 -18 -76 -8 -221 19 -290 114 -284 457 -406 731 -260 98 52 188 154 231 260 27 69 37 214 19 290 -38 163 -166 304 -326 360 -67 23 -215 33 -279 19z\"\/><\/g><\/svg><\/i> <img loading=\"lazy\" decoding=\"async\" width=\"16\" height=\"16\" alt=\"Loading\" src=\"https:\/\/diariodelnortesalta.com.ar\/1\/wp-content\/plugins\/page-views-count\/ajax-loader-2x.gif\" border=0 \/><\/p><div class=\"pvc_clear\"><\/div>\n<p>En el marco de la propuesta&nbsp;\u201cSemana Salta\u201d,&nbsp;la provincia contin\u00faa desarrollando su agenda de actividades con una programaci\u00f3n diversa que invita a recorrer cada regi\u00f3n a trav\u00e9s de propuestas culturales, religiosas y tur\u00edsticas.<br>Durante los d\u00edas 2, 3, 4 y 5 de abril, se llevar\u00e1n adelante distintas iniciativas en municipios de toda la provincia, entre las que se destacan celebraciones religiosas, representaciones de la Pasi\u00f3n de Cristo, V\u00eda Crucis, ferias de emprendedores y artesanos, concursos gastron\u00f3micos y festivales que ponen en valor las tradiciones locales.<br>La oferta incluye eventos que reflejan la identidad de cada comunidad y se complementa con experiencias vinculadas al turismo activo, como trekking, cabalgatas y actividades al aire libre, adem\u00e1s de recorridos hist\u00f3ricos y culturales que permiten conocer el patrimonio de cada destino.<br>Estas propuestas forman parte del calendario de Semana Santa, que re\u00fane m\u00e1s de 170 actividades en 17 municipios hasta el 12 de abril, consolid\u00e1ndose como una herramienta que promueve el turismo interno y la participaci\u00f3n en iniciativas que fortalecen el desarrollo local y la articulaci\u00f3n entre el sector p\u00fablico y privado.<\/p>\n\n\n\n<figure class=\"wp-block-image\"><a class=\"navbar-brand\" href=\"https:\/\/www.salta.gob.ar\/\"><img decoding=\"async\" src=\"https:\/\/www.salta.gob.ar\/public\/images\/logo-gobierno-salta-2023.svg\" alt=\"Gobierno de la Provincia de Salta\" \/><\/a><\/figure>\n\n\n\n<h2 class=\"wp-block-heading\">Bienvenidos al micrositio de la Secretar\u00eda de Prensa y Comunicaci\u00f3n<\/h2>\n\n\n\n<hr class=\"wp-block-separator has-alpha-channel-opacity\" \/>\n\n\n\n<p>Noticias, Partes de Prensa, Discursos, Agenda, Fotos y Videos del Gobierno de la Provincia de Salta.\u00bfQu\u00e9 busc\u00e1s?<\/p>\n\n\n\n<figure class=\"wp-block-image\"><img decoding=\"async\" src=\"https:\/\/www.salta.gob.ar\/public\/images\/iconos\/ico-lupa-24.png\" alt=\"Buscar\" \/><\/figure>\n\n\n\n<h1 class=\"wp-block-heading\"><a href=\"https:\/\/www.salta.gob.ar\/prensa\/noticias\/semana-salta-propuestas-para-disfrutar-la-fe-la-cultura-y-la-naturaleza-en-distintos-municipios-107048\">Semana Salta: propuestas para disfrutar la fe, la cultura y la naturaleza en distintos municipios<\/a><\/h1>\n\n\n\n<p><strong><a href=\"https:\/\/www.salta.gob.ar\/prensa\/noticias\/organismos\/ministerio-de-turismo-y-deportes-8\">Ministerio de Turismo y Deportes<\/a><\/strong>&nbsp;<strong><a href=\"https:\/\/www.salta.gob.ar\/prensa\/noticias\/seccion-noticias-de-salta-1\">Noticias de Salta<\/a><\/strong>&nbsp;<strong><a href=\"https:\/\/www.salta.gob.ar\/prensa\/noticias\/tema-turismo-18\">Turismo<\/a><\/strong>&nbsp;<strong>03\/04\/2026 00:39<\/strong><\/p>\n\n\n\n<p>Hasta el 5 de abril, el calendario impulsado por el Ministerio de Turismo y Deportes junto a los municipios propone una variada agenda de actividades que combina celebraciones religiosas, experiencias culturales y propuestas al aire libre en distintos destinos de la provincia.<\/p>\n\n\n\n<p><a href=\"https:\/\/www.salta.gob.ar\/public\/images\/noticias\/107048-semana-salta-propuestas-para-disfrutar-la-fe-la-cultura-y-la-naturaleza-en-distintos-municipios-del-2-al-5-de-abril-el-calendario-impulsado-por-el-ministerio-de-turismo-y-deportes-junto-a-los-muni.webp\"><\/a><\/p>\n\n\n\n<p>Semana Salta: propuestas para disfrutar la fe, la cultura y la naturaleza en distintos municipios<\/p>\n\n\n\n<p>En el marco de la propuesta&nbsp;<strong>\u201cSemana Salta\u201d,<\/strong>&nbsp;la provincia contin\u00faa desarrollando su agenda de actividades con una programaci\u00f3n diversa que invita a recorrer cada regi\u00f3n a trav\u00e9s de propuestas culturales, religiosas y tur\u00edsticas.<\/p>\n\n\n\n<p>Durante los d\u00edas 2, 3, 4 y 5 de abril, se llevar\u00e1n adelante distintas iniciativas en municipios de toda la provincia, entre las que se destacan celebraciones religiosas, representaciones de la Pasi\u00f3n de Cristo, V\u00eda Crucis, ferias de emprendedores y artesanos, concursos gastron\u00f3micos y festivales que ponen en valor las tradiciones locales.<\/p>\n\n\n\n<p>La oferta incluye eventos que reflejan la identidad de cada comunidad y se complementa con experiencias vinculadas al turismo activo, como trekking, cabalgatas y actividades al aire libre, adem\u00e1s de recorridos hist\u00f3ricos y culturales que permiten conocer el patrimonio de cada destino.<\/p>\n\n\n\n<p>Estas propuestas forman parte del calendario de Semana Santa, que re\u00fane m\u00e1s de 170 actividades en 17 municipios hasta el 12 de abril, consolid\u00e1ndose como una herramienta que promueve el turismo interno y la participaci\u00f3n en iniciativas que fortalecen el desarrollo local y la articulaci\u00f3n entre el sector p\u00fablico y privado.<\/p>\n\n\n\n<p>El detalle de las actividades programadas se encuentra disponible en&nbsp;<a href=\"https:\/\/calendar.turismosalta.gov.ar.\/\">https:\/\/calendar.turismosalta.gov.ar.&nbsp;<\/a>&nbsp;<\/p>\n\n\n\n<p>Asimismo, desde el Ministerio de Turismo y Deportes se recomienda a quienes visiten la provincia optar por alojamientos y servicios tur\u00edsticos habilitados oficialmente, disponibles en&nbsp;<a href=\"https:\/\/visitsalta.ar\/alojamientos\/,\">https:\/\/visitsalta.ar\/alojamientos\/,&nbsp;<\/a>&nbsp;a fin de garantizar una estad\u00eda segura y de calidad.<\/p>\n\n\n\n<p>Principales actividades previstas del 2 al 5 de abril en la provincia:<\/p>\n\n\n\n<p><strong>Jueves 2 de abril<\/strong><\/p>\n\n\n\n<p>\u2022 Or\u00e1n. Jueves Santo. Iglesia Catedral. 20:00 hs.&nbsp;<br>\u2022 Cachi. En Tiempos de Pascuas. Plaza Principal. 10:00 hs.<br>\u2022 Gral. G\u00fcemes. Jueves Santo. Iglesia Santa Rosa de Lima. 20:00 hs.&nbsp;<br>Concurso de la Humita. Av. Tte. Iba\u00f1ez. 17:00 hs.<\/p>\n\n\n\n<p>\u2022 Salta Ciudad. Feria Artesanal de Semana Santa. Casa de la Cultura. 9:00 hs.<br>12 Experiencias de Turismo Religioso. Casco hist\u00f3rico y alrededores.<br>Visitas guiadas al Museo San Francisco. Complejo Cultural San Francisco.<br>Visitas por las iglesias. Circuito hist\u00f3rico y religioso. 17hs.<br>Malvinas El Musical. Teatro Provincial Juan Carlos Saravia. 21:00 hs.<\/p>\n\n\n\n<p>\u2022 Coronel Moldes. Misa y adoraci\u00f3n al Santisimo. Parroquia San Bernardo. 20:00 hs.&nbsp;<br>\u2022 Cerrillos. Acto D\u00eda del Veterano y los Ca\u00eddos en la Guerra de Malvinas. NIDO (B\u00b0 2 de Abril). 10:00 hs.<br>\u2022 San Carlos. Experiencia: San Carlos de Puertas Abiertas. Plaza Principal.<br>Feria \u00abCosecha de Cuaresma\u00bb. Plaza Principal. 15:00 hs.<\/p>\n\n\n\n<p>\u2022 El Carril. Representaci\u00f3n del V\u00eda Crucis Viviente. Estaci\u00f3n Zuviria. 19:00 hs.&nbsp;<br>Visita Nocturna a los Siete Monumentos. Parroquia Nuestra Se\u00f1ora de las Mercedes. 21:00 hs.&nbsp;<\/p>\n\n\n\n<p>\u2022 San Lorenzo. Santa Misa de la Cena del Se\u00f1or. Parroquia San Lorenzo M\u00e1rtir. 19:30 hs.<br>\u2022 Chicoana. Paseo Cultural. Calle Libertad. 9:00 hs.<br>Jueves Santo. Parroquia San Pablo y Plaza Gral. M. M. de G\u00fcemes. 20:00 hs. &nbsp;y 21:30 hs.<\/p>\n\n\n\n<p>\u2022 San Antonio de los Cobres. Homenaje a los Veteranos y Caidos en la Guerra de Malvinas. Museo Regional Andino. 9:00 hs.&nbsp;<br>Museo Regional Andino. 9:00 hs.&nbsp;<\/p>\n\n\n\n<p>Jueves Santo. Iglesia San Antonio de Padua. 20:00 hs.&nbsp;<\/p>\n\n\n\n<p>\u2022 Cafayate. Semana del Malbec de Altura 2026. Museo de la Vid y el Vino.&nbsp;<br>\u2022 La Caldera. Jueves Santo.&nbsp;<br>\u2022 La Vi\u00f1a. Driver Free. Restaurant Lo de Julia. 9:00 hs.&nbsp;<br>De Nuestras Manos &#8211; Feria de Pascuas La Vi\u00f1a. Pje. Azucena G\u00f3mez y Plaza de Armas. 15:00 hs.<\/p>\n\n\n\n<p>Jueves Santo. Parroquia San Antonio de Padua.<\/p>\n\n\n\n<p>\u2022 El Jard\u00edn. Pel\u00edcula de Reflexi\u00f3n en Semana Santa. Plaza Martin Miguel de G\u00fcemes. 19:30 hs.&nbsp;<\/p>\n\n\n\n<p><strong>Viernes 3 de abril&nbsp;<\/strong><\/p>\n\n\n\n<p>\u2022 Gral. G\u00fcemes. Viernes Santo de la Pasi\u00f3n del Se\u00f1or. Iglesia Santa Rosa de Lima. 15:00 hs.&nbsp;<br>V\u00eda Crucis Viviente de Ni\u00f1os de catequesis. Plaza central y Anfiteatro. 18:00 hs.&nbsp;<\/p>\n\n\n\n<p>Viernes Santo Procesi\u00f3n de penitencia. Calles de la Ciudad. 21:00 hs.&nbsp;<\/p>\n\n\n\n<p>\u2022 Salta Ciudad. Feria Artesanal de Semana Santa. Casa de la Cultura. 9:00 hs.&nbsp;<br>\u2022 Coronel Moldes. V\u00eda Crucis. Calles del pueblo. 19:00 hs.&nbsp;<br>V\u00eda Crucis Viviente. B\u00ba San Nicol\u00e1s. 21:00 hs.&nbsp;<\/p>\n\n\n\n<p>\u2022 Cerrillos. Acto Conmemoraci\u00f3n del Fallecimiento del Cabo 1ro de Mar Patricio Guanca. Plaza Patricio Guanca. 10:00 hs.&nbsp;<br>\u2022 San Carlos. Experiencia: San Carlos de Puertas Abiertas. Plaza Principal.&nbsp;<br>6\u00ba Feria de Producciones Andinas \u00abAmblayoVivo\u00bb. Valle de Amblayo. 10:00 hs.&nbsp;<\/p>\n\n\n\n<p>\u2022 Cafayate. V\u00eda Crucis Procesional. Atrio Catedral Nstra. Sra del Rosario. 20:00 hs.&nbsp;<br>Semana del Malbec de Altura 2026. Museo de la Vid y el Vino.<\/p>\n\n\n\n<p>\u2022 Rosario de la Frontera. La Pasi\u00f3n de Cristo. Estadio de la Liga de F\u00fatbol. 21:30 hs.&nbsp;<br>\u2022 San Lorenzo. V\u00eda Crucis a La Quebrada de San Lorenzo. Iglesia San Lorenzo M\u00e1rtir. 9:00 hs.&nbsp;<br>Celebraci\u00f3n Lit\u00fargica Pasi\u00f3n y Muerte del Se\u00f1or. Parroquia San Lorenzo M\u00e1rtir. 18:00 hs.&nbsp;<\/p>\n\n\n\n<p>V\u00eda Crucis Viviente. Parroquia San Lorenzo M\u00e1rtir. 19:00 hs.&nbsp;<\/p>\n\n\n\n<p>\u2022 Chicoana. Viernes Santo. Parroquia San Pablo &#8211; La Rotonda; Casco Hist\u00f3rico; Parroquia San Pablo.&nbsp;<br>Paseo Cultural. Calle Libertad. 9:00hs.&nbsp;<\/p>\n\n\n\n<p>\u2022 Salta Ciudad. V\u00eda Crucis Cerro San Bernardo. 7:00 hs.<br>12 Experiencias de Turismo Religioso. Casco hist\u00f3rico y alrededores.<\/p>\n\n\n\n<p>Visitas guiadas al Museo San Francisco. Complejo Cultural San Francisco.<\/p>\n\n\n\n<p>Malvinas El Musical. Teatro Provincial Juan Carlos Saravia. 21:00 hs.<\/p>\n\n\n\n<p>\u2022 San Antonio de los Cobres. Feria Campesina. Playa Estacionamiento del Mercado Artesanal. 8:00 hs.<br>Museo Regional Andino. 9:00 hs.&nbsp;<\/p>\n\n\n\n<p>Viernes Santo. Iglesia San Antonio de Padua. 15:00 hs.&nbsp;<\/p>\n\n\n\n<p>\u2022 La Poma. Via Crucis por las calles del pueblo. Parroquia Santa B\u00e1rbara.&nbsp;<br>\u2022 La Caldera. Viernes Santo. Plaza Principal. 18:30 hs.&nbsp;<br>\u2022 Rosario de Lerma. Viernes Santo. V\u00eda P\u00fablica. 15:00 hs.&nbsp;<br>\u2022 La Vi\u00f1a. Driver Free. Restaurant Lo de Julia. 9:00 hs.<br>De Nuestras Manos &#8211; Feria de Pascuas La Vi\u00f1a. Pje. Azucena G\u00f3mez y Plaza de Armas. 15:00 hs.&nbsp;<\/p>\n\n\n\n<p>Viernes Santo &#8211; Celebraci\u00f3n de la Pasi\u00f3n del Se\u00f1or. Parroquia San Antonio de Padua.<\/p>\n\n\n\n<p>\u2022 Met\u00e1n. Feria Pascual. Paseo de la Estaci\u00f3n. 17:00 hs.&nbsp;<br>XIV Edici\u00f3n V\u00eda Crucis Gaucho. Paseo de la Estaci\u00f3n. 15:30 hs.&nbsp;<\/p>\n\n\n\n<p>\u2022 Or\u00e1n. Newcom Zenta. Estadio Polideportivo<br>Viernes Santo. Iglesia Catedral. 15:00 hs.&nbsp;<\/p>\n\n\n\n<p>V\u00eda Crucis de la Ciudad. Hospital hasta le Iglesia Catedral. 21:00 hs.<\/p>\n\n\n\n<p>\u2022 Cachi. V\u00eda Crucis Viviente. Plaza seca-Cementerio Local. 17:00 hs.&nbsp;<br>\u2022 El Jard\u00edn. V\u00eda Crucis Viviente. Recorrido por las calles del pueblo. 16:00 hs.&nbsp;<br>\u2022 Seclant\u00e1s. Via Crucis Viviente. Seclant\u00e1sPueblo. 21hs.<br>&nbsp;<\/p>\n\n\n\n<p><strong>S\u00e1bado 4 de abril&nbsp;<\/strong><\/p>\n\n\n\n<p>\u2022 Or\u00e1n. S\u00e1bado Santo. Iglesia Catedral. 20:00 hs.<br>Newcom Zenta. Estadio Polideportivo.<\/p>\n\n\n\n<p>\u2022 Seclantas. Feria Agro \u2013 Artesanal. 10:00 hs.<br>\u2022 Cachi. Quema de Judas. Plaza Seca. 21:00 hs.<br>\u2022 Campo Santo. Cabalgatas por los templos del pueblo. Fort\u00edn de Gaucho Julio Cornejo. 9:00 hs.&nbsp;<br>\u2022 Gral G\u00fcemes. V\u00eda Crucis Viviente de la polic\u00eda. Plaza Central. 20:00 hs.&nbsp;<br>\u2022 Salta Ciudad. Feria Artesanal de Semana Santa. Casa de la Cultura. 9:00 hs.&nbsp;<br>Feria de la Empanada y la Zamba. Feria Ameghino. 11:00 hs.<\/p>\n\n\n\n<p>12 Experiencias de Turismo Religioso. Casco hist\u00f3rico y alrededores.<\/p>\n\n\n\n<p>Visitas guiadas al Museo San Francisco. Complejo Cultural San Francisco.<\/p>\n\n\n\n<p>Malvinas El Musical. Teatro Provincial Juan Carlos Saravia. 21:00 hs.<\/p>\n\n\n\n<p>\u2022 Coronel Moldes. Via Crucis Viviente. CIC hasta Plaza Central del pueblo. 18:00 hs.<br>Cena en Semana Santa. Plaza Central Martin Miguel de G\u00fcemes. 21:00 hs.<br>\u2022 Cerrillos. Via Crucis Viviente. Parroquia San Jos\u00e9. 15:00 hs.&nbsp;<br>Llevate lo Nuestro. Locaciones de Cerrillos. 18:00 hs.&nbsp;<\/p>\n\n\n\n<p>Manos Cerrillanas. Alojamientos de Cerrillos. 18:00 hs.&nbsp;<\/p>\n\n\n\n<p>\u2022 San Carlos. Experiencia: San Carlos de Puertas Abiertas. Plaza Principal.<br>Feria \u00abCosecha de Cuaresma\u00bb. Plaza Principal. 15:00 hs.&nbsp;<\/p>\n\n\n\n<p>6\u00ba Feria de Producciones Andinas \u00abAmblayoVivo\u00bb. Valle de Amblayo. 10:00 hs.&nbsp;<\/p>\n\n\n\n<p>\u2022 El Carril. El Carril Emprende 3. Estaci\u00f3n Zuviria. 8:00 hs.&nbsp;<br>\u2022 Cafayate. Celebraci\u00f3n Vigilia de Pascua. Catedral Nstra Sra del Rosario. 21:00 hs.&nbsp;<br>Semana del Malbec de Altura 2026. Museo de la Vid y el Vino.<\/p>\n\n\n\n<p>\u2022 Rosario de la Frontera. Coro y Grupo Musical \u201cPiantao\u201d. Cine Teatro G\u00fcemes.&nbsp;<br>\u2022 San Lorenzo. Vigilia Pascual. Parroquia San Lorenzo M\u00e1rtir. 19:30 hs.&nbsp;<br>4\u00ba Concurso de La Humita. Plaza Ej\u00e9rcito Argentino, Villa San Lorenzo. 12:00 hs.<\/p>\n\n\n\n<p>\u2022 Chicoana. Paseo Cultural. Calle Libertad.&nbsp;<br>S\u00e1bado de Gloria. Parroquia San Pablo.&nbsp;<\/p>\n\n\n\n<p>\u2022 San Antonio de los Cobres. Feria Campesina. Playa Estacionamiento del Mercado Artesanal. 8:00 hs.<br>Museo Regional Andino. 9:00 hs.<\/p>\n\n\n\n<p>S\u00e1bado de Gloria. Iglesia San Antonio de Padua. 20:00 hs.&nbsp;<\/p>\n\n\n\n<p>\u2022 La Poma. Feria Regional y Gastron\u00f3mica. Plaza Principal. 10:30 hs.<br>Quema del Judas. Plaza Principal y Parroquia Santa B\u00e1rbara. 21:00 hs.<\/p>\n\n\n\n<p>\u2022 La Caldera. S\u00e1bado de Gloria. 20:00 hs.<br>\u2022 Rosario de Lerma. Vigilia Pascual. Iglesia Nuestra Se\u00f1ora del Rosario. 20:30 hs.&nbsp;<br>\u2022 La Vi\u00f1a. Driver Free. Restaurant Lo de Julia. 9:00 hs.<br>De Nuestras Manos &#8211; Feria de Pascuas La Vi\u00f1a. Pje. Azucena G\u00f3mez y Plaza de Armas. 15:00 hs.&nbsp;<\/p>\n\n\n\n<p>\u2022 Gral. G\u00fcemes. Mate, Cultura y Tradici\u00f3n \u00abConcurso del huevo de pascua\u00bb. Plaza Central. 16:00 hs.<br>\u2022 Seclant\u00e1s. Feria Agro \u2013 Artesanal. Plaza La Junta. 10hs.<\/p>\n","protected":false},"excerpt":{"rendered":"<div class=\"pvc_clear\"><\/div>\n<p id=\"pvc_stats_5961\" class=\"pvc_stats all  \" data-element-id=\"5961\" style=\"\"><i class=\"pvc-stats-icon medium\" aria-hidden=\"true\"><svg xmlns=\"http:\/\/www.w3.org\/2000\/svg\" version=\"1.0\" viewBox=\"0 0 502 315\" preserveAspectRatio=\"xMidYMid meet\"><g transform=\"translate(0,332) scale(0.1,-0.1)\" fill=\"\" stroke=\"none\"><path d=\"M2394 3279 l-29 -30 -3 -207 c-2 -182 0 -211 15 -242 39 -76 157 -76 196 0 15 31 17 60 15 243 l-3 209 -33 29 c-26 23 -41 29 -80 29 -41 0 -53 -5 -78 -31z\"\/><path d=\"M3085 3251 c-45 -19 -58 -50 -96 -229 -47 -217 -49 -260 -13 -295 52 -53 146 -42 177 20 16 31 87 366 87 410 0 70 -86 122 -155 94z\"\/><path d=\"M1751 3234 c-13 -9 -29 -31 -37 -50 -12 -29 -10 -49 21 -204 19 -94 39 -189 45 -210 14 -50 54 -80 110 -80 34 0 48 6 76 34 21 21 34 44 34 59 0 14 -18 113 -40 219 -37 178 -43 195 -70 221 -36 32 -101 37 -139 11z\"\/><path d=\"M1163 3073 c-36 -7 -73 -59 -73 -102 0 -56 133 -378 171 -413 34 -32 83 -37 129 -13 70 36 67 87 -16 290 -86 209 -89 214 -129 231 -35 14 -42 15 -82 7z\"\/><path d=\"M3689 3066 c-15 -9 -33 -30 -42 -48 -48 -103 -147 -355 -147 -375 0 -98 131 -148 192 -74 13 15 57 108 97 206 80 196 84 226 37 273 -30 30 -99 39 -137 18z\"\/><path d=\"M583 2784 c-38 -19 -67 -74 -58 -113 9 -42 211 -354 242 -373 16 -10 45 -18 66 -18 51 0 107 52 107 100 0 39 -1 41 -124 234 -80 126 -108 162 -133 173 -41 17 -61 16 -100 -3z\"\/><path d=\"M4250 2784 c-14 -9 -74 -91 -133 -183 -95 -150 -107 -173 -107 -213 0 -55 33 -94 87 -104 67 -13 90 8 211 198 130 202 137 225 78 284 -27 27 -42 34 -72 34 -22 0 -50 -8 -64 -16z\"\/><path d=\"M2275 2693 c-553 -48 -1095 -270 -1585 -649 -135 -104 -459 -423 -483 -476 -23 -49 -22 -139 2 -186 73 -142 361 -457 571 -626 285 -228 642 -407 990 -497 242 -63 336 -73 660 -74 310 0 370 5 595 52 535 111 1045 392 1455 803 122 121 250 273 275 326 19 41 19 137 0 174 -41 79 -309 363 -465 492 -447 370 -946 591 -1479 653 -113 14 -422 18 -536 8z m395 -428 c171 -34 330 -124 456 -258 112 -119 167 -219 211 -378 27 -96 24 -300 -5 -401 -72 -255 -236 -447 -474 -557 -132 -62 -201 -76 -368 -76 -167 0 -236 14 -368 76 -213 98 -373 271 -451 485 -162 444 86 934 547 1084 153 49 292 57 452 25z m909 -232 c222 -123 408 -262 593 -441 76 -74 138 -139 138 -144 0 -16 -233 -242 -330 -319 -155 -123 -309 -223 -461 -299 l-81 -41 32 46 c18 26 49 83 70 128 143 306 141 649 -6 957 -25 52 -61 116 -79 142 l-34 47 45 -20 c26 -10 76 -36 113 -56z m-2057 25 c-40 -58 -105 -190 -130 -263 -110 -324 -59 -707 132 -981 25 -35 42 -64 37 -64 -19 0 -241 119 -326 174 -188 122 -406 314 -532 468 l-58 71 108 103 c185 178 428 349 672 473 66 33 121 60 123 61 2 0 -10 -19 -26 -42z\"\/><path d=\"M2375 1950 c-198 -44 -350 -190 -395 -379 -18 -76 -8 -221 19 -290 114 -284 457 -406 731 -260 98 52 188 154 231 260 27 69 37 214 19 290 -38 163 -166 304 -326 360 -67 23 -215 33 -279 19z\"\/><\/g><\/svg><\/i> <img loading=\"lazy\" decoding=\"async\" width=\"16\" height=\"16\" alt=\"Loading\" src=\"https:\/\/diariodelnortesalta.com.ar\/1\/wp-content\/plugins\/page-views-count\/ajax-loader-2x.gif\" border=0 \/><\/p>\n<div class=\"pvc_clear\"><\/div>\n<p>En el marco de la propuesta&nbsp;\u201cSemana Salta\u201d,&nbsp;la provincia contin\u00faa desarrollando su agenda de actividades con<\/p>\n","protected":false},"author":2,"featured_media":5962,"comment_status":"closed","ping_status":"closed","sticky":false,"template":"","format":"standard","meta":{"_joinchat":[],"footnotes":""},"categories":[104],"tags":[],"class_list":["post-5961","post","type-post","status-publish","format-standard","has-post-thumbnail","hentry","category-turismo"],"_links":{"self":[{"href":"https:\/\/diariodelnortesalta.com.ar\/1\/wp-json\/wp\/v2\/posts\/5961","targetHints":{"allow":["GET"]}}],"collection":[{"href":"https:\/\/diariodelnortesalta.com.ar\/1\/wp-json\/wp\/v2\/posts"}],"about":[{"href":"https:\/\/diariodelnortesalta.com.ar\/1\/wp-json\/wp\/v2\/types\/post"}],"author":[{"embeddable":true,"href":"https:\/\/diariodelnortesalta.com.ar\/1\/wp-json\/wp\/v2\/users\/2"}],"replies":[{"embeddable":true,"href":"https:\/\/diariodelnortesalta.com.ar\/1\/wp-json\/wp\/v2\/comments?post=5961"}],"version-history":[{"count":2,"href":"https:\/\/diariodelnortesalta.com.ar\/1\/wp-json\/wp\/v2\/posts\/5961\/revisions"}],"predecessor-version":[{"id":5965,"href":"https:\/\/diariodelnortesalta.com.ar\/1\/wp-json\/wp\/v2\/posts\/5961\/revisions\/5965"}],"wp:featuredmedia":[{"embeddable":true,"href":"https:\/\/diariodelnortesalta.com.ar\/1\/wp-json\/wp\/v2\/media\/5962"}],"wp:attachment":[{"href":"https:\/\/diariodelnortesalta.com.ar\/1\/wp-json\/wp\/v2\/media?parent=5961"}],"wp:term":[{"taxonomy":"category","embeddable":true,"href":"https:\/\/diariodelnortesalta.com.ar\/1\/wp-json\/wp\/v2\/categories?post=5961"},{"taxonomy":"post_tag","embeddable":true,"href":"https:\/\/diariodelnortesalta.com.ar\/1\/wp-json\/wp\/v2\/tags?post=5961"}],"curies":[{"name":"wp","href":"https:\/\/api.w.org\/{rel}","templated":true}]}}