{"id":6316,"date":"2026-09-05T17:34:44","date_gmt":"2026-09-05T20:34:44","guid":{"rendered":"https:\/\/diariodelnortesalta.com.ar\/1\/?p=6316"},"modified":"2026-09-05T17:34:47","modified_gmt":"2026-09-05T20:34:47","slug":"yolanda-vega-borelli-se-queda-en-el-pasado","status":"publish","type":"post","link":"https:\/\/diariodelnortesalta.com.ar\/1\/yolanda-vega-borelli-se-queda-en-el-pasado\/","title":{"rendered":"Yolanda Vega: \u201cBorelli se queda en el pasado\u00bb"},"content":{"rendered":"<div class=\"pvc_clear\"><\/div><p id=\"pvc_stats_6316\" class=\"pvc_stats all  \" data-element-id=\"6316\" style=\"\"><i class=\"pvc-stats-icon medium\" aria-hidden=\"true\"><svg xmlns=\"http:\/\/www.w3.org\/2000\/svg\" version=\"1.0\" viewBox=\"0 0 502 315\" preserveAspectRatio=\"xMidYMid meet\"><g transform=\"translate(0,332) scale(0.1,-0.1)\" fill=\"\" stroke=\"none\"><path d=\"M2394 3279 l-29 -30 -3 -207 c-2 -182 0 -211 15 -242 39 -76 157 -76 196 0 15 31 17 60 15 243 l-3 209 -33 29 c-26 23 -41 29 -80 29 -41 0 -53 -5 -78 -31z\"\/><path d=\"M3085 3251 c-45 -19 -58 -50 -96 -229 -47 -217 -49 -260 -13 -295 52 -53 146 -42 177 20 16 31 87 366 87 410 0 70 -86 122 -155 94z\"\/><path d=\"M1751 3234 c-13 -9 -29 -31 -37 -50 -12 -29 -10 -49 21 -204 19 -94 39 -189 45 -210 14 -50 54 -80 110 -80 34 0 48 6 76 34 21 21 34 44 34 59 0 14 -18 113 -40 219 -37 178 -43 195 -70 221 -36 32 -101 37 -139 11z\"\/><path d=\"M1163 3073 c-36 -7 -73 -59 -73 -102 0 -56 133 -378 171 -413 34 -32 83 -37 129 -13 70 36 67 87 -16 290 -86 209 -89 214 -129 231 -35 14 -42 15 -82 7z\"\/><path d=\"M3689 3066 c-15 -9 -33 -30 -42 -48 -48 -103 -147 -355 -147 -375 0 -98 131 -148 192 -74 13 15 57 108 97 206 80 196 84 226 37 273 -30 30 -99 39 -137 18z\"\/><path d=\"M583 2784 c-38 -19 -67 -74 -58 -113 9 -42 211 -354 242 -373 16 -10 45 -18 66 -18 51 0 107 52 107 100 0 39 -1 41 -124 234 -80 126 -108 162 -133 173 -41 17 -61 16 -100 -3z\"\/><path d=\"M4250 2784 c-14 -9 -74 -91 -133 -183 -95 -150 -107 -173 -107 -213 0 -55 33 -94 87 -104 67 -13 90 8 211 198 130 202 137 225 78 284 -27 27 -42 34 -72 34 -22 0 -50 -8 -64 -16z\"\/><path d=\"M2275 2693 c-553 -48 -1095 -270 -1585 -649 -135 -104 -459 -423 -483 -476 -23 -49 -22 -139 2 -186 73 -142 361 -457 571 -626 285 -228 642 -407 990 -497 242 -63 336 -73 660 -74 310 0 370 5 595 52 535 111 1045 392 1455 803 122 121 250 273 275 326 19 41 19 137 0 174 -41 79 -309 363 -465 492 -447 370 -946 591 -1479 653 -113 14 -422 18 -536 8z m395 -428 c171 -34 330 -124 456 -258 112 -119 167 -219 211 -378 27 -96 24 -300 -5 -401 -72 -255 -236 -447 -474 -557 -132 -62 -201 -76 -368 -76 -167 0 -236 14 -368 76 -213 98 -373 271 -451 485 -162 444 86 934 547 1084 153 49 292 57 452 25z m909 -232 c222 -123 408 -262 593 -441 76 -74 138 -139 138 -144 0 -16 -233 -242 -330 -319 -155 -123 -309 -223 -461 -299 l-81 -41 32 46 c18 26 49 83 70 128 143 306 141 649 -6 957 -25 52 -61 116 -79 142 l-34 47 45 -20 c26 -10 76 -36 113 -56z m-2057 25 c-40 -58 -105 -190 -130 -263 -110 -324 -59 -707 132 -981 25 -35 42 -64 37 -64 -19 0 -241 119 -326 174 -188 122 -406 314 -532 468 l-58 71 108 103 c185 178 428 349 672 473 66 33 121 60 123 61 2 0 -10 -19 -26 -42z\"\/><path d=\"M2375 1950 c-198 -44 -350 -190 -395 -379 -18 -76 -8 -221 19 -290 114 -284 457 -406 731 -260 98 52 188 154 231 260 27 69 37 214 19 290 -38 163 -166 304 -326 360 -67 23 -215 33 -279 19z\"\/><\/g><\/svg><\/i> <img loading=\"lazy\" decoding=\"async\" width=\"16\" height=\"16\" alt=\"Loading\" src=\"https:\/\/diariodelnortesalta.com.ar\/1\/wp-content\/plugins\/page-views-count\/ajax-loader-2x.gif\" border=0 \/><\/p><div class=\"pvc_clear\"><\/div>\n<p>\u201dLa actual diputada nacional por el departamento Cerrillos y exintendenta, Yolanda Vega, logr\u00f3 la aprobaci\u00f3n en el Congreso de la Naci\u00f3n de un proyecto de ley destinado a promover y fortalecer la productividad porcina, una iniciativa que beneficia al departamento Cerrillos y proyecta su alcance a todo el pa\u00eds.<\/p>\n\n\n\n<figure class=\"wp-block-image size-large\"><img loading=\"lazy\" decoding=\"async\" width=\"1024\" height=\"683\" src=\"https:\/\/diariodelnortesalta.com.ar\/1\/wp-content\/uploads\/2026\/09\/file_0000000015cc820eaa9a8a6a89f9f9eb-1024x683.jpg\" alt=\"\" class=\"wp-image-6317\" srcset=\"https:\/\/diariodelnortesalta.com.ar\/1\/wp-content\/uploads\/2026\/09\/file_0000000015cc820eaa9a8a6a89f9f9eb-1024x683.jpg 1024w, https:\/\/diariodelnortesalta.com.ar\/1\/wp-content\/uploads\/2026\/09\/file_0000000015cc820eaa9a8a6a89f9f9eb-300x200.jpg 300w, https:\/\/diariodelnortesalta.com.ar\/1\/wp-content\/uploads\/2026\/09\/file_0000000015cc820eaa9a8a6a89f9f9eb-768x512.jpg 768w, https:\/\/diariodelnortesalta.com.ar\/1\/wp-content\/uploads\/2026\/09\/file_0000000015cc820eaa9a8a6a89f9f9eb.jpg 1536w\" sizes=\"auto, (max-width: 1024px) 100vw, 1024px\" \/><\/figure>\n\n\n\n<p>La medida representa un importante respaldo institucional para una actividad productiva que durante a\u00f1os atraves\u00f3 una profunda crisis y que, seg\u00fan se\u00f1al\u00f3 Vega, no cont\u00f3 con el acompa\u00f1amiento necesario del Estado para impulsar la producci\u00f3n de carne porcina.<\/p>\n\n\n\n<figure class=\"wp-block-image size-full\"><img loading=\"lazy\" decoding=\"async\" width=\"589\" height=\"818\" src=\"https:\/\/diariodelnortesalta.com.ar\/1\/wp-content\/uploads\/2026\/09\/IMG-20260905-WA0085.jpg\" alt=\"\" class=\"wp-image-6319\" srcset=\"https:\/\/diariodelnortesalta.com.ar\/1\/wp-content\/uploads\/2026\/09\/IMG-20260905-WA0085.jpg 589w, https:\/\/diariodelnortesalta.com.ar\/1\/wp-content\/uploads\/2026\/09\/IMG-20260905-WA0085-216x300.jpg 216w\" sizes=\"auto, (max-width: 589px) 100vw, 589px\" \/><\/figure>\n\n\n\n<p>En el actual contexto econ\u00f3mico, tanto a nivel nacional como en la provincia de Salta, el consumo de carne porcina adquiri\u00f3 un protagonismo cada vez mayor. <\/p>\n\n\n\n<figure class=\"wp-block-image size-large\"><img loading=\"lazy\" decoding=\"async\" width=\"683\" height=\"1024\" src=\"https:\/\/diariodelnortesalta.com.ar\/1\/wp-content\/uploads\/2026\/09\/IMG-20260827-WA0137-683x1024.jpg\" alt=\"\" class=\"wp-image-6320\" srcset=\"https:\/\/diariodelnortesalta.com.ar\/1\/wp-content\/uploads\/2026\/09\/IMG-20260827-WA0137-683x1024.jpg 683w, https:\/\/diariodelnortesalta.com.ar\/1\/wp-content\/uploads\/2026\/09\/IMG-20260827-WA0137-200x300.jpg 200w, https:\/\/diariodelnortesalta.com.ar\/1\/wp-content\/uploads\/2026\/09\/IMG-20260827-WA0137-768x1152.jpg 768w, https:\/\/diariodelnortesalta.com.ar\/1\/wp-content\/uploads\/2026\/09\/IMG-20260827-WA0137.jpg 800w\" sizes=\"auto, (max-width: 683px) 100vw, 683px\" \/><\/figure>\n\n\n\n<p>El fuerte incremento registrado en los precios de la carne vacuna y del pollo llev\u00f3 a muchas familias a buscar alternativas m\u00e1s accesibles para la mesa diaria.En ese escenario, la carne de cerdo se convirti\u00f3 en una de las principales opciones para los consumidores salte\u00f1os, generando una creciente demanda y nuevas oportunidades para los productores.Desde esta perspectiva, la aprobaci\u00f3n del proyecto impulsado por Vega busca brindar herramientas para acompa\u00f1ar al sector, fomentar la producci\u00f3n y generar mejores condiciones para el desarrollo de la actividad porcina.\u201cBorelli se queda en el pasado\u201d, sostuvo Vega, marcando una posici\u00f3n pol\u00edtica frente a quienes, a su entender, no supieron acompa\u00f1ar las transformaciones y nuevas demandas productivas del departamento Cerrillos.La iniciativa abre as\u00ed una nueva etapa para el sector porcino, con el desaf\u00edo de transformar el crecimiento de la demanda en mayor producci\u00f3n, inversi\u00f3n, empleo y desarrollo para Cerrillos y para Salta.<\/p>\n\n\n\n<p><\/p>\n","protected":false},"excerpt":{"rendered":"<div class=\"pvc_clear\"><\/div>\n<p id=\"pvc_stats_6316\" class=\"pvc_stats all  \" data-element-id=\"6316\" style=\"\"><i class=\"pvc-stats-icon medium\" aria-hidden=\"true\"><svg xmlns=\"http:\/\/www.w3.org\/2000\/svg\" version=\"1.0\" viewBox=\"0 0 502 315\" preserveAspectRatio=\"xMidYMid meet\"><g transform=\"translate(0,332) scale(0.1,-0.1)\" fill=\"\" stroke=\"none\"><path d=\"M2394 3279 l-29 -30 -3 -207 c-2 -182 0 -211 15 -242 39 -76 157 -76 196 0 15 31 17 60 15 243 l-3 209 -33 29 c-26 23 -41 29 -80 29 -41 0 -53 -5 -78 -31z\"\/><path d=\"M3085 3251 c-45 -19 -58 -50 -96 -229 -47 -217 -49 -260 -13 -295 52 -53 146 -42 177 20 16 31 87 366 87 410 0 70 -86 122 -155 94z\"\/><path d=\"M1751 3234 c-13 -9 -29 -31 -37 -50 -12 -29 -10 -49 21 -204 19 -94 39 -189 45 -210 14 -50 54 -80 110 -80 34 0 48 6 76 34 21 21 34 44 34 59 0 14 -18 113 -40 219 -37 178 -43 195 -70 221 -36 32 -101 37 -139 11z\"\/><path d=\"M1163 3073 c-36 -7 -73 -59 -73 -102 0 -56 133 -378 171 -413 34 -32 83 -37 129 -13 70 36 67 87 -16 290 -86 209 -89 214 -129 231 -35 14 -42 15 -82 7z\"\/><path d=\"M3689 3066 c-15 -9 -33 -30 -42 -48 -48 -103 -147 -355 -147 -375 0 -98 131 -148 192 -74 13 15 57 108 97 206 80 196 84 226 37 273 -30 30 -99 39 -137 18z\"\/><path d=\"M583 2784 c-38 -19 -67 -74 -58 -113 9 -42 211 -354 242 -373 16 -10 45 -18 66 -18 51 0 107 52 107 100 0 39 -1 41 -124 234 -80 126 -108 162 -133 173 -41 17 -61 16 -100 -3z\"\/><path d=\"M4250 2784 c-14 -9 -74 -91 -133 -183 -95 -150 -107 -173 -107 -213 0 -55 33 -94 87 -104 67 -13 90 8 211 198 130 202 137 225 78 284 -27 27 -42 34 -72 34 -22 0 -50 -8 -64 -16z\"\/><path d=\"M2275 2693 c-553 -48 -1095 -270 -1585 -649 -135 -104 -459 -423 -483 -476 -23 -49 -22 -139 2 -186 73 -142 361 -457 571 -626 285 -228 642 -407 990 -497 242 -63 336 -73 660 -74 310 0 370 5 595 52 535 111 1045 392 1455 803 122 121 250 273 275 326 19 41 19 137 0 174 -41 79 -309 363 -465 492 -447 370 -946 591 -1479 653 -113 14 -422 18 -536 8z m395 -428 c171 -34 330 -124 456 -258 112 -119 167 -219 211 -378 27 -96 24 -300 -5 -401 -72 -255 -236 -447 -474 -557 -132 -62 -201 -76 -368 -76 -167 0 -236 14 -368 76 -213 98 -373 271 -451 485 -162 444 86 934 547 1084 153 49 292 57 452 25z m909 -232 c222 -123 408 -262 593 -441 76 -74 138 -139 138 -144 0 -16 -233 -242 -330 -319 -155 -123 -309 -223 -461 -299 l-81 -41 32 46 c18 26 49 83 70 128 143 306 141 649 -6 957 -25 52 -61 116 -79 142 l-34 47 45 -20 c26 -10 76 -36 113 -56z m-2057 25 c-40 -58 -105 -190 -130 -263 -110 -324 -59 -707 132 -981 25 -35 42 -64 37 -64 -19 0 -241 119 -326 174 -188 122 -406 314 -532 468 l-58 71 108 103 c185 178 428 349 672 473 66 33 121 60 123 61 2 0 -10 -19 -26 -42z\"\/><path d=\"M2375 1950 c-198 -44 -350 -190 -395 -379 -18 -76 -8 -221 19 -290 114 -284 457 -406 731 -260 98 52 188 154 231 260 27 69 37 214 19 290 -38 163 -166 304 -326 360 -67 23 -215 33 -279 19z\"\/><\/g><\/svg><\/i> <img loading=\"lazy\" decoding=\"async\" width=\"16\" height=\"16\" alt=\"Loading\" src=\"https:\/\/diariodelnortesalta.com.ar\/1\/wp-content\/plugins\/page-views-count\/ajax-loader-2x.gif\" border=0 \/><\/p>\n<div class=\"pvc_clear\"><\/div>\n<p>\u201dLa actual diputada nacional por el departamento Cerrillos y exintendenta, Yolanda Vega, logr\u00f3 la aprobaci\u00f3n<\/p>\n","protected":false},"author":2,"featured_media":6321,"comment_status":"closed","ping_status":"closed","sticky":false,"template":"","format":"standard","meta":{"_joinchat":[],"footnotes":""},"categories":[110],"tags":[],"class_list":["post-6316","post","type-post","status-publish","format-standard","has-post-thumbnail","hentry","category-politica"],"_links":{"self":[{"href":"https:\/\/diariodelnortesalta.com.ar\/1\/wp-json\/wp\/v2\/posts\/6316","targetHints":{"allow":["GET"]}}],"collection":[{"href":"https:\/\/diariodelnortesalta.com.ar\/1\/wp-json\/wp\/v2\/posts"}],"about":[{"href":"https:\/\/diariodelnortesalta.com.ar\/1\/wp-json\/wp\/v2\/types\/post"}],"author":[{"embeddable":true,"href":"https:\/\/diariodelnortesalta.com.ar\/1\/wp-json\/wp\/v2\/users\/2"}],"replies":[{"embeddable":true,"href":"https:\/\/diariodelnortesalta.com.ar\/1\/wp-json\/wp\/v2\/comments?post=6316"}],"version-history":[{"count":1,"href":"https:\/\/diariodelnortesalta.com.ar\/1\/wp-json\/wp\/v2\/posts\/6316\/revisions"}],"predecessor-version":[{"id":6322,"href":"https:\/\/diariodelnortesalta.com.ar\/1\/wp-json\/wp\/v2\/posts\/6316\/revisions\/6322"}],"wp:featuredmedia":[{"embeddable":true,"href":"https:\/\/diariodelnortesalta.com.ar\/1\/wp-json\/wp\/v2\/media\/6321"}],"wp:attachment":[{"href":"https:\/\/diariodelnortesalta.com.ar\/1\/wp-json\/wp\/v2\/media?parent=6316"}],"wp:term":[{"taxonomy":"category","embeddable":true,"href":"https:\/\/diariodelnortesalta.com.ar\/1\/wp-json\/wp\/v2\/categories?post=6316"},{"taxonomy":"post_tag","embeddable":true,"href":"https:\/\/diariodelnortesalta.com.ar\/1\/wp-json\/wp\/v2\/tags?post=6316"}],"curies":[{"name":"wp","href":"https:\/\/api.w.org\/{rel}","templated":true}]}}